{"id":264741,"date":"2026-09-03T00:11:23","date_gmt":"2026-09-03T00:11:23","guid":{"rendered":"https:\/\/temp.perseid.tech\/?p=264741"},"modified":"2026-09-03T00:13:51","modified_gmt":"2026-09-03T00:13:51","slug":"o-percurso-completo-do-comediante-ricardo-araujo","status":"publish","type":"post","link":"https:\/\/temp.perseid.tech\/?p=264741","title":{"rendered":"O percurso completo do comediante Ricardo Ara\u00fajo Pereira"},"content":{"rendered":"<h1>O percurso completo do comediante Ricardo Ara\u00fajo Pereira<\/h1>\n<p>Escassos comediantes conseguiram o reconhecimento que Ricardo Ara\u00fajo Pereira construiu ao longo de d\u00e9cadas. Nascido em Lisboa, desde jovem revelou um talento raro para a escrita. Este texto agrega os pontos-chave sobre o seu percurso pessoal e p\u00fablica, sem esquecer os pormenores que habitualmente suscitam o interesse dos seguidores.<\/p>\n<p>Desde os primeiros passos no Jornal de Letras, a sua escrita distinguiu-se pela ironia. Com forma\u00e7\u00e3o acad\u00e9mica na \u00e1rea da comunica\u00e7\u00e3o, come\u00e7ou no jornalismo antes de se consagrar ao stand up. O seu estilo baseia-se na arg\u00facia da palavra e numa observa\u00e7\u00e3o fina da sociedade portuguesa. Nas linhas seguintes, analisamos as dimens\u00f5es mais relevantes da sua figura p\u00fablica.<\/p>\n<h2>Os bilhetes esgotados dos seus espet\u00e1culos ao vivo<\/h2>\n<p>Cada vez que anuncia um novo espet\u00e1culo, a expectativa aumenta. Muitos f\u00e3s perguntam-se que quantidade de lugares ficaram adquiridos em pouco tempo. O n\u00famero atesta o fen\u00f3meno de bilheteira que o autor de &#8220;Mix\u00f3rdia de Tem\u00e1ticas&#8221; encarna em Portugal. \u00c9 frequente que os espet\u00e1culos se esgotem quase de imediato.<\/p>\n<p>Para quem procura mais dados que pretendem compreender a efetiva escala deste sucesso popular, \u00e9 aconselh\u00e1vel consultar tudo sobre a estreia de Ricardo Ara\u00fajo Pereira nos palcos. Previamente de reservar o seu bilhete, os seguidores habituam-se a procurar informa\u00e7\u00e3o confi\u00e1vel e t\u00eam a possibilidade de <a href=\"https:\/\/znaki.fm\/pt\/persons\/ricardo-araujo-pereira\/\">qual \u00e9 a altura de Ricardo Ara\u00fajo Pereira segundo o IMDb<\/a> com toda a comodidade.<\/p>\n<h2>Quem \u00e9 a mulher do humorista<\/h2>\n<p>O universo privado de Ricardo permanece resguardado. A sua esposa, Maria Jos\u00e9, atua fora dos holofotes do entretenimento. Ambos dividem um percurso afastada da exposi\u00e7\u00e3o medi\u00e1tica.<\/p>\n<p>Segundo a imprensa, Contrariamente de v\u00e1rias personalidades, a rela\u00e7\u00e3o com a esposa poucas vezes aparece nos meios. Foi com ela que Ricardo Artur de Ara\u00fajo Pereira criou uma fam\u00edlia est\u00e1vel, mantendo-a sempre do ru\u00eddo da imprensa.<\/p>\n<h2>A estatura e outros dados segundo as fichas biogr\u00e1ficas<\/h2>\n<p>Uma das d\u00favidas habitualmente consultadas na internet prende-se com a altura do comediante. De acordo com os registos biogr\u00e1ficas como o portal IMDb, estes dados tendem a estar dispon\u00edveis para consulta.<\/p>\n<p>Segundo a imprensa, Contudo, \u00e9 importante notar que nem sempre estas medidas surgem inteiramente verificados pelo pr\u00f3prio. O foco dos f\u00e3s mant\u00e9m-se, tanto pela carreira quanto pela vontade de saber. Em rigor, s\u00e3o a obra e o talento que caracterizam o artista.<\/p>\n<h2>As imagens dos bastidores e a presen\u00e7a p\u00fablica<\/h2>\n<p>As fotografias mais partilhadas do artista revelam uma figura tranquilo em cima do palco. Por tr\u00e1s das cortinas, a impress\u00e3o tende a ser a de algu\u00e9m uma pessoa rigoroso com cada detalhe.<\/p>\n<p>Na verdade, Durante do percurso, juntou registos memor\u00e1veis nos palcos. Dentre os projetos mais populares, avultam:<\/p>\n<ul>\n<li>A rubrica &#8220;Mix\u00f3rdia de Tem\u00e1ticas&#8221; nas manh\u00e3s da r\u00e1dio<\/li>\n<li>Os artigos de opini\u00e3o<\/li>\n<li>A presen\u00e7a em formatos sat\u00edricos<\/li>\n<li>Os espet\u00e1culos a solo pelo pa\u00eds<\/li>\n<\/ul>\n<h2>Afinal ser\u00e1 que \u00e9 separado ou casado<\/h2>\n<p>Entre as quest\u00f5es mais surge entre os admiradores prende-se com saber se o comediante continua divorciado. A realidade permanece que a esfera familiar dificilmente se conhece.<\/p>\n<p>Segundo a imprensa, Por op\u00e7\u00e3o, preserva o n\u00facleo familiar longe do ru\u00eddo medi\u00e1tico. Comenta-se muito, mas poucas confirma\u00e7\u00f5es existem publicamente. Esse resguardo faz parte da postura na vida privada.<\/p>\n<h2>As descendentes e a fam\u00edlia reservada<\/h2>\n<p>Os filhos s\u00e3o a principal felicidade do humorista. Comenta-se que as duas jovens teriam prosseguido estudos no estrangeiro, ainda que ele mesmo proteja esses detalhes.<\/p>\n<p>H\u00e1 quem defenda que A reserva constitui um princ\u00edpio no lar de Ricardo Artur de Ara\u00fajo Pereira. Contrariamente da cena, onde brilha, o campo familiar permanece longe da aten\u00e7\u00e3o dos media. No seu entender, o n\u00facleo familiar representa um porto seguro.<\/p>\n<h2>Os espet\u00e1culos na Meo Arena e nas grandes salas<\/h2>\n<p>Escassos comediantes portugueses preenchem pavilh\u00f5es do porte do maior recinto de Lisboa. Sempre que leva o seu humor \u00e0quela sala, a antecipa\u00e7\u00e3o fica imensa.<\/p>\n<p>Vale a pena recordar que A digress\u00e3o pelas grandes salas costuma seguir um trajeto definido. Num modelo esquem\u00e1tica, um espet\u00e1culo habitual organiza-se do seguinte modo:<\/p>\n<ol>\n<li>In\u00edcio com observa\u00e7\u00f5es sobre o dia a dia<\/li>\n<li>Desenvolvimento de assuntos do quotidiano<\/li>\n<li>Intera\u00e7\u00e3o com a assist\u00eancia<\/li>\n<li>Remate com os apontamentos mais aplaudidos<\/li>\n<\/ol>\n<h2>A a\u00e7\u00e3o judicial dos irm\u00e3os Anjos e a esfera p\u00fablica<\/h2>\n<p>O nome da dupla musical Anjos ficou associado no quadro de uma disputa legal que ro\u00e7ou de forma lateral o universo do entretenimento. O assunto provocou not\u00f3ria discuss\u00e3o medi\u00e1tica.<\/p>\n<p>Vale a pena recordar que Conv\u00e9m real\u00e7ar que o humorista jamais foi acusado por il\u00edcitos pelo conte\u00fado sat\u00edrico. O direito art\u00edstica permanece um pilar do seu registo. \u00c9 precisamente a ousadia que conquista os espectadores.<\/p>\n<h2>O primeiro espet\u00e1culo a solo do comediante<\/h2>\n<p>O inaugural espet\u00e1culo a solo marcou um ponto decisivo na trajet\u00f3ria do humorista. A partir da\u00ed, atua regularmente em espa\u00e7os por todo o pa\u00eds. Essa estreia abriu caminho a uma mais s\u00f3lidas trajet\u00f3rias da com\u00e9dia portuguesa.<\/p>\n<h2>As atua\u00e7\u00f5es no Porto e a liga\u00e7\u00e3o ao p\u00fablico nortenho<\/h2>\n<p>Na segunda maior cidade, por exemplo, Ricardo Ara\u00fajo Pereira atua na Super Bock Arena no Porto sempre que a digress\u00e3o assim o permite. A liga\u00e7\u00e3o com o p\u00fablico do Porto revela-se forte. Sabida igualmente \u00e9 a devo\u00e7\u00e3o pelo Benfica, assunto que n\u00e3o raras vezes alimenta a sua com\u00e9dia.<\/p>\n<p>Para concluir, Ricardo Ara\u00fajo Pereira consolidou-se como uma das vozes mais relevantes da com\u00e9dia do pa\u00eds. Com a arg\u00facia da palavra e o carinho com os f\u00e3s, o seu percurso continua em expans\u00e3o, conquistando novos p\u00fablicos em cada espet\u00e1culo.<\/p>\n","protected":false},"excerpt":{"rendered":"<p>O percurso completo do comediante Ricardo Ara\u00fajo Pereira Escassos comediantes conseguiram o reconhecimento que Ricardo Ara\u00fajo Pereira construiu ao longo de d\u00e9cadas. Nascido em Lisboa, desde jovem revelou um talento raro para a escrita. Este texto agrega os pontos-chave sobre o seu percurso pessoal e p\u00fablica, sem esquecer os pormenores que habitualmente suscitam o interesse [&hellip;]<\/p>\n","protected":false},"author":1,"featured_media":0,"comment_status":"open","ping_status":"open","sticky":false,"template":"","format":"standard","meta":{"footnotes":""},"categories":[35],"tags":[],"class_list":["post-264741","post","type-post","status-publish","format-standard","hentry","category-blog"],"_links":{"self":[{"href":"https:\/\/temp.perseid.tech\/index.php?rest_route=\/wp\/v2\/posts\/264741","targetHints":{"allow":["GET"]}}],"collection":[{"href":"https:\/\/temp.perseid.tech\/index.php?rest_route=\/wp\/v2\/posts"}],"about":[{"href":"https:\/\/temp.perseid.tech\/index.php?rest_route=\/wp\/v2\/types\/post"}],"author":[{"embeddable":true,"href":"https:\/\/temp.perseid.tech\/index.php?rest_route=\/wp\/v2\/users\/1"}],"replies":[{"embeddable":true,"href":"https:\/\/temp.perseid.tech\/index.php?rest_route=%2Fwp%2Fv2%2Fcomments&post=264741"}],"version-history":[{"count":1,"href":"https:\/\/temp.perseid.tech\/index.php?rest_route=\/wp\/v2\/posts\/264741\/revisions"}],"predecessor-version":[{"id":264742,"href":"https:\/\/temp.perseid.tech\/index.php?rest_route=\/wp\/v2\/posts\/264741\/revisions\/264742"}],"wp:attachment":[{"href":"https:\/\/temp.perseid.tech\/index.php?rest_route=%2Fwp%2Fv2%2Fmedia&parent=264741"}],"wp:term":[{"taxonomy":"category","embeddable":true,"href":"https:\/\/temp.perseid.tech\/index.php?rest_route=%2Fwp%2Fv2%2Fcategories&post=264741"},{"taxonomy":"post_tag","embeddable":true,"href":"https:\/\/temp.perseid.tech\/index.php?rest_route=%2Fwp%2Fv2%2Ftags&post=264741"}],"curies":[{"name":"wp","href":"https:\/\/api.w.org\/{rel}","templated":true}]}}